{"id":14334,"date":"2022-02-28T17:50:04","date_gmt":"2022-02-28T16:50:04","guid":{"rendered":"https:\/\/formotordev.developallin.com\/come-organizzare-evento-formentera\/"},"modified":"2022-08-16T08:27:55","modified_gmt":"2022-08-16T07:27:55","slug":"come-organizzare-evento-formentera","status":"publish","type":"post","link":"https:\/\/formotor.com\/it\/blog\/come-organizzare-evento-formentera\/","title":{"rendered":"Come organizzare un evento a Formentera?"},"content":{"rendered":"<h3>Se hai deciso di organizzare un evento qualsiasi (matrimonio, celebrazioni speciali, corsi\u2026) devi sapere che Formentera \u00e8 il luogo perfetto. Un evento nel paradiso trionfa sempre.<\/h3>\n<h2>Formentera, la posizione perfetta.<\/h2>\n<p>Un luogo <strong>diverso, originale e bello<\/strong> da dovunque lo guardi.<\/p>\n<p><strong>Accessibile<\/strong> in quanto l\u2019aeroporto di Ibiza (l\u2019isola vicina) \u00e8 collegato con numerosi paesi. Una volta che arrivi ad Ibiza \u00e8 molto facile, devi solo prendere il traghetto al porto che ti porta diretto a Formentera, ci sono varie compagnie e numerosi orari da scegliere, il viaggio ha una durata dai 30 ai 45 minuti.<\/p>\n<p>Realizzare un evento sull\u2019isola avr\u00e0 un <strong>fascino unico<\/strong>, nessuno vorr\u00e0 perdersi l\u2019esperienza e ci sar\u00e0 una maggiore affluenza di partecipanti e\/o invitati.<\/p>\n<h2>Alcune cose che devi sapere se organizzi un evento a Formentera<\/h2>\n<p>Lo <strong>scenario<\/strong> \u00e8 gi\u00e0 montato, l\u2019evento sar\u00e0 bellissimo con lo sfondo scelto che sia la spiaggia, un ristorante con vista o il tramonto.<\/p>\n<p>Organizzare un evento a Formentera da lontano ovviamente \u00e8 pi\u00f9 difficile, per questo ti consigliamo <strong>di chiedere aiuto<\/strong> ai professionisti del settore, come imprese, collaboratori o istituzioni. Non c\u2019\u00e8 niente di meglio che conoscere il territorio alla perfezione.<\/p>\n<p>Devi <strong>venire sull\u2019isola in anticipo<\/strong> per fare un sopralluogo in prima persona, poter scegliere il luogo della celebrazione, incontrare imprese, collaboratori e fornitori. L\u2019ideale \u00e8 farlo almeno sei mesi prima, cos\u00ec ti assicuri che tutto andr\u00e0 bene, senza fretta e senza imprevisti dell\u2019ultima ora. E attenzione, che se fosse nei mesi estivi, visto che \u00e8 alta stagione, la possibilit\u00e0 di poter organizzare riunioni, visitare locations o prenotare un soggiorno \u00e8 infinitamente minore.<\/p>\n<p>Dovrai occuparti <strong>di cercare<\/strong> per gli assistenti e per i partecipanti, a<strong>lloggiamenti e ristoranti<\/strong> (visto che a seconda del periodo in cui organizzerai l\u2019evento, molti stabilimenti saranno chiusi in inverno o completamente prenotati in estate). E guardare le opzioni di <strong>come muovervi sull\u2019isola<\/strong>. Se ti interessa una partnership con noi, saremo felici di ascoltare la tua proposta. Possiamo creare alcune offerte speciali per gli invitati all\u2019evento che noleggeranno un veicolo con noi.<\/p>\n<p>Un ottimo <strong>periodo<\/strong> per celebrare l\u2019evento \u00e8 in primavera o anche in autunno, c\u2019\u00e8 meno gente e ancora un buon clima per poter godere della spiaggia e degli spazi all\u2019aria aperta.<\/p>\n<p>Buona Fortuna!<\/p>\n","protected":false},"excerpt":{"rendered":"<p>Se hai deciso di organizzare un evento qualsiasi (matrimonio, celebrazioni speciali, corsi\u2026) devi sapere che Formentera \u00e8 il luogo perfetto. [&hellip;]<\/p>\n","protected":false},"author":1,"featured_media":14006,"comment_status":"open","ping_status":"closed","sticky":false,"template":"","format":"standard","meta":{"_acf_changed":false,"footnotes":""},"categories":[24],"tags":[],"class_list":["post-14334","post","type-post","status-publish","format-standard","has-post-thumbnail","hentry","category-consigli"],"acf":[],"_links":{"self":[{"href":"https:\/\/formotor.com\/it\/wp-json\/wp\/v2\/posts\/14334","targetHints":{"allow":["GET"]}}],"collection":[{"href":"https:\/\/formotor.com\/it\/wp-json\/wp\/v2\/posts"}],"about":[{"href":"https:\/\/formotor.com\/it\/wp-json\/wp\/v2\/types\/post"}],"author":[{"embeddable":true,"href":"https:\/\/formotor.com\/it\/wp-json\/wp\/v2\/users\/1"}],"replies":[{"embeddable":true,"href":"https:\/\/formotor.com\/it\/wp-json\/wp\/v2\/comments?post=14334"}],"version-history":[{"count":1,"href":"https:\/\/formotor.com\/it\/wp-json\/wp\/v2\/posts\/14334\/revisions"}],"predecessor-version":[{"id":18611,"href":"https:\/\/formotor.com\/it\/wp-json\/wp\/v2\/posts\/14334\/revisions\/18611"}],"wp:featuredmedia":[{"embeddable":true,"href":"https:\/\/formotor.com\/it\/wp-json\/wp\/v2\/media\/14006"}],"wp:attachment":[{"href":"https:\/\/formotor.com\/it\/wp-json\/wp\/v2\/media?parent=14334"}],"wp:term":[{"taxonomy":"category","embeddable":true,"href":"https:\/\/formotor.com\/it\/wp-json\/wp\/v2\/categories?post=14334"},{"taxonomy":"post_tag","embeddable":true,"href":"https:\/\/formotor.com\/it\/wp-json\/wp\/v2\/tags?post=14334"}],"curies":[{"name":"wp","href":"https:\/\/api.w.org\/{rel}","templated":true}]}}